{"id":1779,"date":"2024-06-08T19:30:00","date_gmt":"2024-06-08T18:30:00","guid":{"rendered":"https:\/\/musictogethersilvercoast.pt\/?p=1779"},"modified":"2026-04-12T23:13:53","modified_gmt":"2026-04-12T22:13:53","slug":"programa-de-verao-da-music-together-silver-coast","status":"publish","type":"post","link":"https:\/\/musictogethersilvercoast.pt\/pt\/2024\/06\/08\/programa-de-verao-da-music-together-silver-coast\/","title":{"rendered":"Programa de Ver\u00e3o da Music Together Silver Coast"},"content":{"rendered":"<div class=\"et_pb_section_0 et_pb_section et_section_regular et_block_section\"><div class=\"et_pb_row_0 et_pb_row et_block_row\"><div class=\"et_pb_column_0 et_pb_column et_pb_column_4_4 et-last-child et_block_column et_pb_css_mix_blend_mode_passthrough\"><div class=\"et_pb_image_0 et_pb_image et_pb_module et_block_module\"><span class=\"et_pb_image_wrap\"><img loading=\"lazy\" decoding=\"async\" src=\"https:\/\/musictogethersilvercoast.pt\/wp-content\/uploads\/sites\/12\/2024\/05\/MT-SocialTiles-HARMONICA-Illustration-13-1.png\" title=\"MT-SocialTiles-HARMONICA-Illustration-13 (1)\" width=\"1080\" height=\"1080\" srcset=\"https:\/\/musictogethersilvercoast.pt\/wp-content\/uploads\/sites\/12\/2024\/05\/MT-SocialTiles-HARMONICA-Illustration-13-1.png 1080w, https:\/\/musictogethersilvercoast.pt\/wp-content\/uploads\/sites\/12\/2024\/05\/MT-SocialTiles-HARMONICA-Illustration-13-1-980x980.png 980w, https:\/\/musictogethersilvercoast.pt\/wp-content\/uploads\/sites\/12\/2024\/05\/MT-SocialTiles-HARMONICA-Illustration-13-1-480x480.png 480w\" sizes=\"(min-width: 0px) and (max-width: 480px) 480px, (min-width: 481px) and (max-width: 980px) 980px, (min-width: 981px) 1080px, 100vw\" class=\"wp-image-1583\" \/><\/span><\/div><\/div><\/div><div class=\"et_pb_row_1 et_pb_row et_block_row\"><div class=\"et_pb_column_1 et_pb_column et_pb_column_4_4 et-last-child et_block_column et_pb_css_mix_blend_mode_passthrough\"><div class=\"et_pb_module et_d4_element et_pb_text et_pb_text_3  et_pb_text_align_left et_pb_bg_layout_light\">\n\t\t\t\t\n\t\t\t\t\n\t\t\t\t\n\t\t\t\t\n\t\t\t\t<div class=\"et_pb_text_inner\"><h1><\/h1><\/div>\n\t\t\t<\/div><div class=\"et_pb_text_0 et_pb_text et_pb_bg_layout_light et_pb_module et_block_module et_pb_text_align_justified\"><div class=\"et_pb_text_inner\"><p>O ano letivo est\u00e1 a chegar ao fim e chegou o momento de planear momentos inesquec\u00edveis para as suas crian\u00e7as! A Music Together Silver Coast tem o prazer de apresentar o seu Programa de ver\u00e3o, onde as fam\u00edlias podem criar mem\u00f3rias especiais e trocar muitos miminhos atrav\u00e9s da m\u00fasica! \ud83c\udfb5\ud83d\udc95<\/p>\n<p>&nbsp;<\/p>\n<\/div><\/div><\/div><\/div><\/div><div class=\"et_pb_section_1 et_pb_section et_section_regular et_block_section\"><div class=\"et_pb_row_2 et_pb_row et_block_row\"><div class=\"et_pb_column_2 et_pb_column et_pb_column_4_4 et-last-child et_block_column et_pb_css_mix_blend_mode_passthrough\"><div class=\"et_pb_image_1 et_pb_image et_pb_module et_block_module\"><span class=\"et_pb_image_wrap\"><img loading=\"lazy\" decoding=\"async\" src=\"https:\/\/musictogethersilvercoast.pt\/wp-content\/uploads\/sites\/12\/2024\/05\/todler-mother-lap-1.jpg\" width=\"359\" height=\"540\" srcset=\"https:\/\/musictogethersilvercoast.pt\/wp-content\/uploads\/sites\/12\/2024\/05\/todler-mother-lap-1.jpg 359w, https:\/\/musictogethersilvercoast.pt\/wp-content\/uploads\/sites\/12\/2024\/05\/todler-mother-lap-1-199x300.jpg 199w\" sizes=\"(max-width: 359px) 100vw, 359px\" class=\"wp-image-1530\" title=\"todler mother lap\" \/><\/span><\/div><\/div><\/div><div class=\"et_pb_row_3 et_pb_row et_block_row\"><div class=\"et_pb_column_3 et_pb_column et_pb_column_4_4 et-last-child et_block_column et_pb_css_mix_blend_mode_passthrough\"><div class=\"et_pb_text_1 et_pb_text et_pb_bg_layout_light et_pb_module et_block_module\"><div class=\"et_pb_text_inner\"><p data-sourcepos=\"7:1-7:42\"><strong>Criem mem\u00f3rias inesquec\u00edveis<\/strong><span> enquanto:<\/span><\/p>\n<ul data-sourcepos=\"9:1-10:14\">\n<li data-sourcepos=\"9:1-9:28\"><span>Cantam m\u00fasicas interativas<\/span><\/li>\n<li data-sourcepos=\"10:1-10:14\"><span>Exploram ritmos e movimento<\/span><\/li>\n<li data-sourcepos=\"11:1-11:63\"><span>Refor\u00e7am os la\u00e7os familiares num ambiente acolhedor no jardim<\/span><\/li>\n<li data-sourcepos=\"12:1-12:62\"><span>Se envolvem em atividades criativas de artes e artesanatos (varia conforme a sess\u00e3o)<\/span><\/li>\n<li data-sourcepos=\"13:1-14:0\"><span>Encontram a calma interior com posturas suaves de ioga (varia conforme a sess\u00e3o) - cada sess\u00e3o oferece algo novo!<\/span><\/li>\n<\/ul>\n<p data-sourcepos=\"15:1-15:41\"><strong>Temos programas para todas as idades!<\/strong><\/p>\n<ul data-sourcepos=\"17:1-18:128\">\n<li data-sourcepos=\"17:1-17:185\"><strong>Misto (0-4 anos):<\/strong><span> Perfeito para fam\u00edlias com crian\u00e7as pequenas (irm\u00e3os mais velhos s\u00e3o bem-vindos!<\/span><span>).<\/span><span> <br \/>As sess\u00f5es decorrem segundas, quartas e sextas, das 10h00 \u00e0s 12:00 (op\u00e7\u00f5es semanais ou intensivas).<\/span><\/li>\n<li data-sourcepos=\"18:1-18:128\"><strong>Rhythm Kids (5-9 anos):<\/strong><span> Envolva os seus filhos mais velhos numa vibrante explora\u00e7\u00e3o musical.<\/span><span> As sess\u00f5es Rhythm Kids decorrem ter\u00e7as, quintas e s\u00e1bados, das 10h00 \u00e0s 12:00 (op\u00e7\u00f5es semanais ou intensivas).<\/span><\/li>\n<\/ul>\n<p data-sourcepos=\"20:1-20:155\"><strong>N\u00e3o \u00e9 necess\u00e1rio compromisso com o programa completo!<\/strong><span> Pode tamb\u00e9m reservar sess\u00f5es matinais individuais para experimentar a divers\u00e3o do Music Together.<\/span><\/p>\n<p>\ud83c\udf33 Imagine um espa\u00e7o onde as crian\u00e7as podem correr, brincar e aprender no meio da natureza, acompanhadas pelos sons da m\u00fasica e pela criatividade das atividades extra. \u00c9 exatamente isso que o nosso programa oferece!<\/p>\n<p><strong>O que esperar de cada sess\u00e3o:<\/strong> <br \/>\ud83c\udfb5Momentos para cantar, dan\u00e7ar e tocar instrumentos com m\u00fasicas variadas e atividades que incentivam a intera\u00e7\u00e3o entre pais e filhos.<\/p>\n<p>\ud83c\udfa8 <strong>Artes e Of\u00edcios:<\/strong> Projetos criativos que estimulam a imagina\u00e7\u00e3o e a coordena\u00e7\u00e3o motora.<\/p>\n<p>\ud83e\uddd8 <strong>Ioga:<\/strong> Atividades de relaxamento e consci\u00eancia corporal adaptadas para os mais pequenos.<\/p>\n<p><strong>Inscreva-se j\u00e1 e garanta um ver\u00e3o cheio de ritmo e alegria para os seus pequenos!<\/strong> \ud83c\udfb5\ud83d\udc95<\/p>\n<p data-sourcepos=\"24:1-24:70\">\n<\/div><\/div><div class=\"et_pb_module et_pb_button_module_wrapper et_pb_button_0_wrapper\"><a class=\"et_pb_button_0 et_pb_button et_pb_bg_layout_light et_pb_module et_block_module\" href=\"https:\/\/musictogethersilvercoast.pt\/pt\/spring-collection-sign-up\/\">Reserve agora a sua manh\u00e3<\/a><\/div><\/div><\/div><div class=\"et_pb_row_4 et_pb_row et-vb-row--no-module et_block_row\"><div class=\"et_pb_column_4 et_pb_column et_pb_column_1_2 et_block_column et_pb_column_empty et_pb_css_mix_blend_mode_passthrough\"><\/div><div class=\"et_pb_column_5 et_pb_column et_pb_column_1_2 et-last-child et_block_column et_pb_column_empty et_pb_css_mix_blend_mode_passthrough\"><\/div><\/div><div class=\"et_pb_row_5 et_pb_row et_block_row\"><div class=\"et_pb_column_6 et_pb_column et_pb_column_4_4 et-last-child et_block_column et_pb_css_mix_blend_mode_passthrough\"><div class=\"et_pb_text_2 et_pb_text et_pb_bg_layout_light et_pb_module et_block_module\"><div class=\"et_pb_text_inner\"><p><strong>#MusicTogetherSilverCoast #SummerFun #FamilyTime #NatureConnection<\/strong><\/p>\n<\/div><\/div><\/div><\/div><\/div>","protected":false},"excerpt":{"rendered":"<p>O nosso Programa de Ver\u00e3o \u00e9 a oportunidade ideal para se divertir em fam\u00edlia, trocar miminhos e desfrutar de momentos m\u00e1gicos atrav\u00e9s da m\u00fasica.<\/p>","protected":false},"author":2,"featured_media":1583,"comment_status":"open","ping_status":"open","sticky":false,"template":"","format":"standard","meta":{"_et_pb_use_builder":"on","_et_pb_old_content":"","_et_gb_content_width":"","footnotes":""},"categories":[74,86],"tags":[83,55,52,76,77,78,88],"class_list":["post-1779","post","type-post","status-publish","format-standard","has-post-thumbnail","hentry","category-music-together","category-summer","tag-familyactivities","tag-familybonding","tag-musictogether","tag-salirdoporto","tag-saomartinhodoporto","tag-silvercoast","tag-summerprograms"],"_links":{"self":[{"href":"https:\/\/musictogethersilvercoast.pt\/pt\/wp-json\/wp\/v2\/posts\/1779","targetHints":{"allow":["GET"]}}],"collection":[{"href":"https:\/\/musictogethersilvercoast.pt\/pt\/wp-json\/wp\/v2\/posts"}],"about":[{"href":"https:\/\/musictogethersilvercoast.pt\/pt\/wp-json\/wp\/v2\/types\/post"}],"author":[{"embeddable":true,"href":"https:\/\/musictogethersilvercoast.pt\/pt\/wp-json\/wp\/v2\/users\/2"}],"replies":[{"embeddable":true,"href":"https:\/\/musictogethersilvercoast.pt\/pt\/wp-json\/wp\/v2\/comments?post=1779"}],"version-history":[{"count":4,"href":"https:\/\/musictogethersilvercoast.pt\/pt\/wp-json\/wp\/v2\/posts\/1779\/revisions"}],"predecessor-version":[{"id":2814,"href":"https:\/\/musictogethersilvercoast.pt\/pt\/wp-json\/wp\/v2\/posts\/1779\/revisions\/2814"}],"wp:featuredmedia":[{"embeddable":true,"href":"https:\/\/musictogethersilvercoast.pt\/pt\/wp-json\/wp\/v2\/media\/1583"}],"wp:attachment":[{"href":"https:\/\/musictogethersilvercoast.pt\/pt\/wp-json\/wp\/v2\/media?parent=1779"}],"wp:term":[{"taxonomy":"category","embeddable":true,"href":"https:\/\/musictogethersilvercoast.pt\/pt\/wp-json\/wp\/v2\/categories?post=1779"},{"taxonomy":"post_tag","embeddable":true,"href":"https:\/\/musictogethersilvercoast.pt\/pt\/wp-json\/wp\/v2\/tags?post=1779"}],"curies":[{"name":"wp","href":"https:\/\/api.w.org\/{rel}","templated":true}]}}