{"id":1815,"date":"2024-06-10T14:17:14","date_gmt":"2024-06-10T13:17:14","guid":{"rendered":"https:\/\/musictogethersilvercoast.pt\/?p=1815"},"modified":"2026-04-12T23:13:53","modified_gmt":"2026-04-12T22:13:53","slug":"%f0%9f%93%9a-a-importancia-de-passar-tempo-de-qualidade-com-os-seus-filhos-%f0%9f%93%9a","status":"publish","type":"post","link":"https:\/\/musictogethersilvercoast.pt\/pt\/2024\/06\/10\/%f0%9f%93%9a-a-importancia-de-passar-tempo-de-qualidade-com-os-seus-filhos-%f0%9f%93%9a\/","title":{"rendered":"\ud83d\udcda A Import\u00e2ncia de Passar Tempo de Qualidade com os Seus Filhos \ud83d\udcda"},"content":{"rendered":"<div class=\"et_pb_section_0 et_pb_section et_section_regular et_block_section\"><div class=\"et_pb_row_0 et_pb_row et_block_row\"><div class=\"et_pb_column_0 et_pb_column et_pb_column_4_4 et-last-child et_block_column et_pb_css_mix_blend_mode_passthrough\"><div class=\"et_pb_image_0 et_pb_image et_pb_module et_block_module\"><span class=\"et_pb_image_wrap\"><img loading=\"lazy\" decoding=\"async\" src=\"https:\/\/musictogethersilvercoast.pt\/wp-content\/uploads\/sites\/12\/2024\/01\/MT-ClassroomPhoto-26-web_425390.jpg\" width=\"1622\" height=\"1080\" srcset=\"https:\/\/musictogethersilvercoast.pt\/wp-content\/uploads\/sites\/12\/2024\/01\/MT-ClassroomPhoto-26-web_425390.jpg 1622w, https:\/\/musictogethersilvercoast.pt\/wp-content\/uploads\/sites\/12\/2024\/01\/MT-ClassroomPhoto-26-web_425390-1280x852.jpg 1280w, https:\/\/musictogethersilvercoast.pt\/wp-content\/uploads\/sites\/12\/2024\/01\/MT-ClassroomPhoto-26-web_425390-980x653.jpg 980w, https:\/\/musictogethersilvercoast.pt\/wp-content\/uploads\/sites\/12\/2024\/01\/MT-ClassroomPhoto-26-web_425390-480x320.jpg 480w\" sizes=\"(min-width: 0px) and (max-width: 480px) 480px, (min-width: 481px) and (max-width: 980px) 980px, (min-width: 981px) and (max-width: 1280px) 1280px, (min-width: 1281px) 1622px, 100vw\" class=\"wp-image-142\" title=\"MT ClassroomPhoto 26 web_425390\" \/><\/span><\/div><\/div><\/div><div class=\"et_pb_row_1 et_pb_row et_block_row\"><div class=\"et_pb_column_1 et_pb_column et_pb_column_4_4 et-last-child et_block_column et_pb_css_mix_blend_mode_passthrough\"><div class=\"et_pb_module et_d4_element et_pb_text et_pb_text_3  et_pb_text_align_left et_pb_bg_layout_light\">\n\t\t\t\t\n\t\t\t\t\n\t\t\t\t\n\t\t\t\t\n\t\t\t\t<div class=\"et_pb_text_inner\"><h1><\/h1><\/div>\n\t\t\t<\/div><div class=\"et_pb_text_0 et_pb_text et_pb_bg_layout_light et_pb_module et_block_module et_pb_text_align_justified\"><div class=\"et_pb_text_inner\"><p><span style=\"font-weight: 400;\">A correria \u00e9 tanta, que entre escola, trabalho, compromissos chegamos ao final da tarde exaustos. Os nossos filhos, no entanto, continuam cheios de energia. O que fazer? Ou escolhemos uma atividade onde possam correr, ou nadar um pouco, ou rendemo-nos aos ecr\u00e3s para que os entretenham um pouco - pelo menos enquanto fazemos o jantar e damos um jeito \u00e0 cozinha.\u00a0<\/span><\/p>\n<p data-sourcepos=\"3:1-3:110\">\n<p><span style=\"font-weight: 400;\">Sobra pouco espa\u00e7o, tempo e energia para momentos significativos com os nossos filhos.\u00a0 No entanto, as crian\u00e7as crescem num instante e n\u00e3o nos podemos esquecer que passar tempo de qualidade com eles n\u00e3o \u00e9 apenas ben\u00e9fico, mas crucial para o desenvolvimento e bem-estar. Para o deles e para o nosso. <\/span><\/p>\n<\/div><\/div><\/div><\/div><\/div><div class=\"et_pb_section_1 et_pb_section et_section_regular et_block_section\"><div class=\"et_pb_row_2 et_pb_row et_block_row\"><div class=\"et_pb_column_2 et_pb_column et_pb_column_4_4 et-last-child et_block_column et_pb_css_mix_blend_mode_passthrough\"><div class=\"et_pb_image_1 et_pb_image et_pb_module et_block_module\"><span class=\"et_pb_image_wrap\"><img loading=\"lazy\" decoding=\"async\" src=\"https:\/\/musictogethersilvercoast.pt\/wp-content\/uploads\/sites\/12\/2024\/05\/todler-mother-lap-1.jpg\" width=\"359\" height=\"540\" srcset=\"https:\/\/musictogethersilvercoast.pt\/wp-content\/uploads\/sites\/12\/2024\/05\/todler-mother-lap-1.jpg 359w, https:\/\/musictogethersilvercoast.pt\/wp-content\/uploads\/sites\/12\/2024\/05\/todler-mother-lap-1-199x300.jpg 199w\" sizes=\"(max-width: 359px) 100vw, 359px\" class=\"wp-image-1530\" title=\"todler mother lap\" \/><\/span><\/div><\/div><\/div><div class=\"et_pb_row_3 et_pb_row et_block_row\"><div class=\"et_pb_column_3 et_pb_column et_pb_column_4_4 et-last-child et_block_column et_pb_css_mix_blend_mode_passthrough\"><div class=\"et_pb_text_1 et_pb_text et_pb_bg_layout_light et_pb_module et_block_module\"><div class=\"et_pb_text_inner\"><h4 dir=\"ltr\" style=\"line-height: 1.38; margin-top: 12pt; margin-bottom: 2pt;\"><span style=\"font-size: 11pt; font-family: Verdana,sans-serif; color: #000000; background-color: transparent; font-weight: bold; font-style: normal; font-variant: normal; text-decoration: none; vertical-align: baseline; white-space: pre-wrap;\">Fortalecimento dos La\u00e7os Familiares<\/span><\/h4>\n<p dir=\"ltr\" style=\"line-height: 1.38; margin-top: 12pt; margin-bottom: 12pt;\"><span style=\"font-size: 11pt; font-family: Verdana,sans-serif; color: #000000; background-color: transparent; font-weight: 400; font-style: normal; font-variant: normal; text-decoration: none; vertical-align: baseline; white-space: pre-wrap;\">O tempo de qualidade com os nossos filhos cria mem\u00f3rias duradouras e fortalece os la\u00e7os familiares. Momentos simples, como brincar no parque, ler uma hist\u00f3ria antes de dormir ou fazer uma refei\u00e7\u00e3o juntos, podem ser os mais significativos para uma crian\u00e7a. Estes momentos ajudam a criar uma sensa\u00e7\u00e3o de seguran\u00e7a e perten\u00e7a, fundamental para o desenvolvimento emocional e psicol\u00f3gico deles. E permite-nos, se conseguirmos estar presentes, trocar miminhos e sentirmo-nos mais pr\u00f3ximos deles nem que seja s\u00f3 por um bocadinho todos os dias. <\/span><\/p>\n<h4 dir=\"ltr\" style=\"line-height: 1.38; margin-top: 12pt; margin-bottom: 2pt;\"><span style=\"font-size: 11pt; font-family: Verdana,sans-serif; color: #000000; background-color: transparent; font-weight: bold; font-style: normal; font-variant: normal; text-decoration: none; vertical-align: baseline; white-space: pre-wrap;\">Desenvolvimento Cognitivo e Emocional<\/span><\/h4>\n<p dir=\"ltr\" style=\"line-height: 1.38; margin-top: 12pt; margin-bottom: 12pt;\"><span style=\"font-size: 11pt; font-family: Verdana,sans-serif; color: #000000; background-color: transparent; font-weight: 400; font-style: normal; font-variant: normal; text-decoration: none; vertical-align: baseline; white-space: pre-wrap;\">Ao passarmos tempo de qualidade com as nossas crian\u00e7as tamb\u00e9m contribu\u00edmos significativamente para o seu desenvolvimento cognitivo e emocional. Atividades como jogos educativos, leitura e conversas incentivam o desenvolvimento da linguagem, a resolu\u00e7\u00e3o de problemas e a criatividade. Al\u00e9m disso, ao estarmos presentes e atentos \u00e0s necessidades emocionais dos nossos filhos, ajudamos a construir a sua autoestima e confian\u00e7a. Tamb\u00e9m \u00e9 durante estes momentos que podemos perceber que h\u00e1 algo que se passa na escola, ou que h\u00e1 um talento por incentivar, ou uma preocupa\u00e7\u00e3o por sossegar, e desta forma poder intervir da melhor forma.<\/span><\/p>\n<h4 dir=\"ltr\" style=\"line-height: 1.38; margin-top: 12pt; margin-bottom: 2pt;\"><span style=\"font-size: 11pt; font-family: Verdana,sans-serif; color: #000000; background-color: transparent; font-weight: bold; font-style: normal; font-variant: normal; text-decoration: none; vertical-align: baseline; white-space: pre-wrap;\">Modelagem de Comportamentos Positivos<\/span><\/h4>\n<p dir=\"ltr\" style=\"line-height: 1.38; margin-top: 12pt; margin-bottom: 12pt;\"><span style=\"font-size: 11pt; font-family: Verdana,sans-serif; color: #000000; background-color: transparent; font-weight: 400; font-style: normal; font-variant: normal; text-decoration: none; vertical-align: baseline; white-space: pre-wrap;\">Pelo menos por agora, os pais s\u00e3o os modelos de comportamento mais importantes dos seus filhos. Passar tempo de qualidade com as crian\u00e7as permite que demonstremos e ensinemos os valores da fam\u00edlia. As crian\u00e7as aprendem observando os adultos ao seu redor, e ao passarmos tempo em conjunto, temos a oportunidade de moldar positivamente o seu comportamento e atitudes.<\/span><\/p>\n<h4 dir=\"ltr\" style=\"line-height: 1.38; margin-top: 12pt; margin-bottom: 2pt;\"><span style=\"font-size: 11pt; font-family: Verdana,sans-serif; color: #000000; background-color: transparent; font-weight: bold; font-style: normal; font-variant: normal; text-decoration: none; vertical-align: baseline; white-space: pre-wrap;\">Como Garantir Tempo de Qualidade<\/span><\/h4>\n<p dir=\"ltr\" style=\"line-height: 1.38; margin-top: 12pt; margin-bottom: 12pt;\"><span style=\"font-size: 11pt; font-family: Verdana,sans-serif; color: #000000; background-color: transparent; font-weight: 400; font-style: normal; font-variant: normal; text-decoration: none; vertical-align: baseline; white-space: pre-wrap;\">Para garantir que estamos a passar tempo de qualidade com os nossos filhos, \u00e9 importante ser intencional. Aqui est\u00e3o algumas dicas pr\u00e1ticas:<\/span><\/p>\n<p dir=\"ltr\" style=\"line-height: 1.38; margin-top: 12pt; margin-bottom: 0pt;\" role=\"presentation\"><span style=\"font-size: 11pt; font-family: Verdana,sans-serif; color: #000000; background-color: transparent; font-weight: bold; font-style: normal; font-variant: normal; text-decoration: none; vertical-align: baseline; white-space: pre-wrap;\">- Estabele\u00e7a Rotinas Di\u00e1rias<\/span><span style=\"font-size: 11pt; font-family: Verdana,sans-serif; color: #000000; background-color: transparent; font-weight: 400; font-style: normal; font-variant: normal; text-decoration: none; vertical-align: baseline; white-space: pre-wrap;\">: Crie momentos di\u00e1rios dedicados \u00e0 intera\u00e7\u00e3o com os seus filhos, como a hora das refei\u00e7\u00f5es ou a leitura antes de dormir.<\/span><\/p>\n<p dir=\"ltr\" style=\"line-height: 1.38; margin-top: 0pt; margin-bottom: 0pt;\" role=\"presentation\"><span style=\"font-size: 11pt; font-family: Verdana,sans-serif; color: #000000; background-color: transparent; font-weight: bold; font-style: normal; font-variant: normal; text-decoration: none; vertical-align: baseline; white-space: pre-wrap;\">- Analise o uso da Tecnologia<\/span><span style=\"font-size: 11pt; font-family: Verdana,sans-serif; color: #000000; background-color: transparent; font-weight: 400; font-style: normal; font-variant: normal; text-decoration: none; vertical-align: baseline; white-space: pre-wrap;\">: Reserve tempo para estar completamente presente, sem distra\u00e7\u00f5es de telem\u00f3veis ou televis\u00f5es.<\/span><\/p>\n<p dir=\"ltr\" style=\"line-height: 1.38; margin-top: 0pt; margin-bottom: 0pt;\" role=\"presentation\"><span style=\"font-size: 11pt; font-family: Verdana,sans-serif; color: #000000; background-color: transparent; font-weight: bold; font-style: normal; font-variant: normal; text-decoration: none; vertical-align: baseline; white-space: pre-wrap;\">- Participe em Atividades Significativas<\/span><span style=\"font-size: 11pt; font-family: Verdana,sans-serif; color: #000000; background-color: transparent; font-weight: 400; font-style: normal; font-variant: normal; text-decoration: none; vertical-align: baseline; white-space: pre-wrap;\">: Envolva-se em atividades que ambos desfrutem e que incentivem a intera\u00e7\u00e3o e a comunica\u00e7\u00e3o.<\/span><\/p>\n<p dir=\"ltr\" style=\"line-height: 1.38; margin-top: 0pt; margin-bottom: 12pt;\" role=\"presentation\"><span style=\"font-size: 11pt; font-family: Verdana,sans-serif; color: #000000; background-color: transparent; font-weight: bold; font-style: normal; font-variant: normal; text-decoration: none; vertical-align: baseline; white-space: pre-wrap;\">- Escute Ativamente<\/span><span style=\"font-size: 11pt; font-family: Verdana,sans-serif; color: #000000; background-color: transparent; font-weight: 400; font-style: normal; font-variant: normal; text-decoration: none; vertical-align: baseline; white-space: pre-wrap;\">: D\u00ea aten\u00e7\u00e3o plena ao que os seus filhos t\u00eam a dizer, mostrando que valoriza as suas opini\u00f5es e sentimentos.<\/span><\/p>\n<p dir=\"ltr\" style=\"line-height: 1.38; margin-top: 12pt; margin-bottom: 12pt;\"><span style=\"font-size: 11pt; font-family: Verdana,sans-serif; color: #000000; background-color: transparent; font-weight: 400; font-style: normal; font-variant: normal; text-decoration: none; vertical-align: baseline; white-space: pre-wrap;\">A nossa sugest\u00e3o preferida: inscreva-se no Music Together Silver Coast com a sua fam\u00edlia. Trata-se de um momento em cada semana, onde se juntam na natureza para cantar, dan\u00e7ar, trocar mimos e estar ao livre enquanto descobrem a alegria de criar m\u00fasica juntos, e fortalecem os la\u00e7os familiares.<\/span><\/p>\n<p data-sourcepos=\"24:1-24:70\">\n<\/div><\/div><div class=\"et_pb_module et_pb_button_module_wrapper et_pb_button_0_wrapper\"><a class=\"et_pb_button_0 et_pb_button et_pb_bg_layout_light et_pb_module et_block_module\" href=\"https:\/\/musictogethersilvercoast.pt\/pt\/spring-collection-sign-up\/\">Reserve uma sess\u00e3o j\u00e1<\/a><\/div><\/div><\/div><div class=\"et_pb_row_4 et_pb_row et-vb-row--no-module et_block_row\"><div class=\"et_pb_column_4 et_pb_column et_pb_column_1_2 et_block_column et_pb_column_empty et_pb_css_mix_blend_mode_passthrough\"><\/div><div class=\"et_pb_column_5 et_pb_column et_pb_column_1_2 et-last-child et_block_column et_pb_column_empty et_pb_css_mix_blend_mode_passthrough\"><\/div><\/div><div class=\"et_pb_row_5 et_pb_row et_block_row\"><div class=\"et_pb_column_6 et_pb_column et_pb_column_4_4 et-last-child et_block_column et_pb_css_mix_blend_mode_passthrough\"><div class=\"et_pb_text_2 et_pb_text et_pb_bg_layout_light et_pb_module et_block_module\"><div class=\"et_pb_text_inner\"><p><strong>#MusicTogetherSilverCoast #SummerFun #FamilyTime #NatureConnection #Parentalidade #Fam\u00edlia #Educa\u00e7\u00e3o #Crian\u00e7as #TempoDeQualidade #MusicTogether<\/strong><\/p>\n<\/div><\/div><\/div><\/div><\/div>","protected":false},"excerpt":{"rendered":"","protected":false},"author":2,"featured_media":0,"comment_status":"open","ping_status":"open","sticky":false,"template":"","format":"standard","meta":{"_et_pb_use_builder":"on","_et_pb_old_content":"","_et_gb_content_width":"1080","footnotes":""},"categories":[92,37,36,74,35],"tags":[],"class_list":["post-1815","post","type-post","status-publish","format-standard","hentry","category-autumn","category-demo","category-ma","category-music-together","category-rk"],"_links":{"self":[{"href":"https:\/\/musictogethersilvercoast.pt\/pt\/wp-json\/wp\/v2\/posts\/1815","targetHints":{"allow":["GET"]}}],"collection":[{"href":"https:\/\/musictogethersilvercoast.pt\/pt\/wp-json\/wp\/v2\/posts"}],"about":[{"href":"https:\/\/musictogethersilvercoast.pt\/pt\/wp-json\/wp\/v2\/types\/post"}],"author":[{"embeddable":true,"href":"https:\/\/musictogethersilvercoast.pt\/pt\/wp-json\/wp\/v2\/users\/2"}],"replies":[{"embeddable":true,"href":"https:\/\/musictogethersilvercoast.pt\/pt\/wp-json\/wp\/v2\/comments?post=1815"}],"version-history":[{"count":4,"href":"https:\/\/musictogethersilvercoast.pt\/pt\/wp-json\/wp\/v2\/posts\/1815\/revisions"}],"predecessor-version":[{"id":2815,"href":"https:\/\/musictogethersilvercoast.pt\/pt\/wp-json\/wp\/v2\/posts\/1815\/revisions\/2815"}],"wp:attachment":[{"href":"https:\/\/musictogethersilvercoast.pt\/pt\/wp-json\/wp\/v2\/media?parent=1815"}],"wp:term":[{"taxonomy":"category","embeddable":true,"href":"https:\/\/musictogethersilvercoast.pt\/pt\/wp-json\/wp\/v2\/categories?post=1815"},{"taxonomy":"post_tag","embeddable":true,"href":"https:\/\/musictogethersilvercoast.pt\/pt\/wp-json\/wp\/v2\/tags?post=1815"}],"curies":[{"name":"wp","href":"https:\/\/api.w.org\/{rel}","templated":true}]}}