{"id":2337,"date":"2024-10-12T20:25:39","date_gmt":"2024-10-12T19:25:39","guid":{"rendered":"https:\/\/musictogethersilvercoast.pt\/?p=2337"},"modified":"2026-04-12T23:13:57","modified_gmt":"2026-04-12T22:13:57","slug":"nurturing-families-through-music-and-nature","status":"publish","type":"post","link":"https:\/\/musictogethersilvercoast.pt\/pt\/2024\/10\/12\/nurturing-families-through-music-and-nature\/","title":{"rendered":"Nutrindo Fam\u00edlias Atrav\u00e9s da M\u00fasica e da Natureza"},"content":{"rendered":"<div class=\"et_pb_section_0 et_pb_section et_section_regular et_block_section\"><div class=\"et_pb_row_0 et_pb_row et_block_row\"><div class=\"et_pb_column_0 et_pb_column et_pb_column_4_4 et-last-child et_block_column et_pb_css_mix_blend_mode_passthrough\"><div class=\"et_pb_image_0 et_pb_image et_pb_module et_block_module\"><span class=\"et_pb_image_wrap\"><img loading=\"lazy\" decoding=\"async\" src=\"https:\/\/musictogethersilvercoast.pt\/wp-content\/uploads\/sites\/12\/2024\/10\/PXL_20241012_150036161-1.jpg\" alt=\"Child playing with Autumn Leaves\" title=\"Autumn Leaves\" width=\"1000\" height=\"750\" srcset=\"https:\/\/musictogethersilvercoast.pt\/wp-content\/uploads\/sites\/12\/2024\/10\/PXL_20241012_150036161-1.jpg 1000w, https:\/\/musictogethersilvercoast.pt\/wp-content\/uploads\/sites\/12\/2024\/10\/PXL_20241012_150036161-1-980x735.jpg 980w, https:\/\/musictogethersilvercoast.pt\/wp-content\/uploads\/sites\/12\/2024\/10\/PXL_20241012_150036161-1-480x360.jpg 480w\" sizes=\"(min-width: 0px) and (max-width: 480px) 480px, (min-width: 481px) and (max-width: 980px) 980px, (min-width: 981px) 1000px, 100vw\" class=\"wp-image-2338\" \/><\/span><\/div><\/div><\/div><div class=\"et_pb_row_1 et_pb_row et_block_row\"><div class=\"et_pb_column_1 et_pb_column et_pb_column_4_4 et-last-child et_block_column et_pb_css_mix_blend_mode_passthrough\"><div class=\"et_pb_module et_d4_element et_pb_text et_pb_text_3  et_pb_text_align_left et_pb_bg_layout_light\">\n\t\t\t\t\n\t\t\t\t\n\t\t\t\t\n\t\t\t\t\n\t\t\t\t<div class=\"et_pb_text_inner\"><h1><\/h1><\/div>\n\t\t\t<\/div><div class=\"et_pb_text_0 et_pb_text et_pb_bg_layout_light et_pb_module et_block_module et_pb_text_align_justified\"><div class=\"et_pb_text_inner\"><p class=\"whitespace-pre-wrap break-words\">\"I have energy again!\" a mom exclaimed after our Music Together session. Despite a challenging morning and the usual parenting juggle, she made it to class. Now, after immersing herself in nature, bonding with her child, and connecting with other families, her spirits were lifted, energy renewed, and she felt a fresh excitement for the day ahead.<\/p>\n<p class=\"whitespace-pre-wrap break-words\">This nurturing power of Music Together is something I know intimately. As a new mom in a foreign country, I often found the idea of leaving the house daunting. Yet, these sessions consistently provided the warmth and support I needed.<\/p>\n<p>&nbsp;<\/p>\n<\/div><\/div><div class=\"et_pb_text_1 et_pb_text et_pb_bg_layout_light et_pb_module et_block_module\"><div class=\"et_pb_text_inner\"><h2 class=\"font-600 text-xl font-bold\" level=\"2\">O Triplo Segredo do Nosso Sucesso<\/h2>\n<ol class=\"-mt-1 list-decimal space-y-2 pl-8\" depth=\"0\">\n<li class=\"whitespace-normal break-words translation-block\" index=\"0\"><strong>M\u00fasica e Movimento<\/strong>: A combina\u00e7\u00e3o de cantar e dan\u00e7ar eleva naturalmente o humor e os n\u00edveis de energia.<\/li>\n<li class=\"whitespace-normal break-words\" index=\"1\"><strong>Comunidade<\/strong>:\n<ul class=\"-mt-1 list-disc space-y-2 pl-8\" depth=\"1\">\n<li class=\"whitespace-normal break-words\" index=\"0\">Com o seu filho: Desfrute do contacto pele com pele, risos partilhados e tempo de qualidade genu\u00edno.<\/li>\n<li class=\"whitespace-normal break-words\" index=\"1\">Com outras fam\u00edlias: As crian\u00e7as brincam em seguran\u00e7a enquanto os pais se conectam atrav\u00e9s do seu interesse partilhado com o desenvolvimento infantil.<\/li>\n<\/ul>\n<\/li>\n<li class=\"whitespace-normal break-words\" index=\"2\"><strong>Natureza<\/strong>: O nosso ambiente de jardim oferece uma experi\u00eancia \u00fanica e rica em est\u00edmulos sensoriais:\n<ul class=\"-mt-1 list-disc space-y-2 pl-8\" depth=\"1\">\n<li class=\"whitespace-normal break-words\" index=\"0\">Respire o aroma de diversas plantas<\/li>\n<li class=\"whitespace-normal break-words\" index=\"1\">Ou\u00e7a os sons de patos, sapos e outros animais selvagens entre as can\u00e7\u00f5es<\/li>\n<li class=\"whitespace-normal break-words\" index=\"2\">Benefit from the proven positive effects of nature on our bodies, hearts, and minds<\/li>\n<\/ul>\n<\/li>\n<\/ol>\n<p class=\"whitespace-pre-wrap break-words\">Junte-se a n\u00f3s para experimentar este impulso de energia com o seu filho todas as semanas. Quando se inscrever, toda a sua fam\u00edlia est\u00e1 convidada!<\/p>\n<p class=\"whitespace-pre-wrap break-words\"><strong>As aulas decorrem todos os s\u00e1bados de manh\u00e3 em Salir do Porto.<\/strong><\/p>\n<p class=\"whitespace-pre-wrap break-words\">Descubra a alegria do Music Together Silver Coast\u2014onde m\u00fasica, comunidade e natureza se combinam para criar momentos familiares inesquec\u00edveis.<\/p>\n<p data-sourcepos=\"24:1-24:70\">\n<\/div><\/div><div class=\"et_pb_text_2 et_pb_text et_pb_bg_layout_light et_pb_module et_block_module\"><div class=\"et_pb_text_inner\"><p>#Educa\u00e7\u00e3oMusical #M\u00fasicaParaCrian\u00e7as #M\u00fasicaInfantil #Educa\u00e7\u00e3oDeInf\u00e2ncia #AprenderComM\u00fasica #M\u00fasicaEAprendizagem #TempoEmFam\u00edlia #DicasDeParentalidade #AtividadesEmFam\u00edlia #TruquesDeParentalidade #Liga\u00e7\u00e3oFamiliar #MusicTogetherPortugal #M\u00fasicaNaCostaDePrata #MusicTogetherSilverCoast #AprendizagemAoArLivre #Educa\u00e7\u00e3oNaNatureza #AtividadesAoArLivre<\/p>\n<\/div><\/div><\/div><\/div><\/div>","protected":false},"excerpt":{"rendered":"","protected":false},"author":2,"featured_media":2338,"comment_status":"open","ping_status":"open","sticky":false,"template":"","format":"standard","meta":{"_et_pb_use_builder":"on","_et_pb_old_content":"","_et_gb_content_width":"1080","footnotes":""},"categories":[1],"tags":[],"class_list":["post-2337","post","type-post","status-publish","format-standard","has-post-thumbnail","hentry","category-uncategorised"],"_links":{"self":[{"href":"https:\/\/musictogethersilvercoast.pt\/pt\/wp-json\/wp\/v2\/posts\/2337","targetHints":{"allow":["GET"]}}],"collection":[{"href":"https:\/\/musictogethersilvercoast.pt\/pt\/wp-json\/wp\/v2\/posts"}],"about":[{"href":"https:\/\/musictogethersilvercoast.pt\/pt\/wp-json\/wp\/v2\/types\/post"}],"author":[{"embeddable":true,"href":"https:\/\/musictogethersilvercoast.pt\/pt\/wp-json\/wp\/v2\/users\/2"}],"replies":[{"embeddable":true,"href":"https:\/\/musictogethersilvercoast.pt\/pt\/wp-json\/wp\/v2\/comments?post=2337"}],"version-history":[{"count":4,"href":"https:\/\/musictogethersilvercoast.pt\/pt\/wp-json\/wp\/v2\/posts\/2337\/revisions"}],"predecessor-version":[{"id":2819,"href":"https:\/\/musictogethersilvercoast.pt\/pt\/wp-json\/wp\/v2\/posts\/2337\/revisions\/2819"}],"wp:featuredmedia":[{"embeddable":true,"href":"https:\/\/musictogethersilvercoast.pt\/pt\/wp-json\/wp\/v2\/media\/2338"}],"wp:attachment":[{"href":"https:\/\/musictogethersilvercoast.pt\/pt\/wp-json\/wp\/v2\/media?parent=2337"}],"wp:term":[{"taxonomy":"category","embeddable":true,"href":"https:\/\/musictogethersilvercoast.pt\/pt\/wp-json\/wp\/v2\/categories?post=2337"},{"taxonomy":"post_tag","embeddable":true,"href":"https:\/\/musictogethersilvercoast.pt\/pt\/wp-json\/wp\/v2\/tags?post=2337"}],"curies":[{"name":"wp","href":"https:\/\/api.w.org\/{rel}","templated":true}]}}