{"id":2343,"date":"2024-10-14T15:23:46","date_gmt":"2024-10-14T14:23:46","guid":{"rendered":"https:\/\/musictogethersilvercoast.pt\/?p=2343"},"modified":"2026-04-12T23:13:59","modified_gmt":"2026-04-12T22:13:59","slug":"professional-development-update-play-therapy","status":"publish","type":"post","link":"https:\/\/musictogethersilvercoast.pt\/pt\/2024\/10\/14\/professional-development-update-play-therapy\/","title":{"rendered":"Atualiza\u00e7\u00e3o de Desenvolvimento Profissional: Play Therapy"},"content":{"rendered":"<div class=\"et_pb_section_0 et_pb_section et_section_regular et_block_section\"><div class=\"et_pb_row_0 et_pb_row et_block_row\"><div class=\"et_pb_column_0 et_pb_column et_pb_column_1_2 et_block_column et_pb_css_mix_blend_mode_passthrough\"><div class=\"et_pb_image_0 et_pb_image et_pb_module et_block_module\"><span class=\"et_pb_image_wrap\"><img loading=\"lazy\" decoding=\"async\" src=\"https:\/\/musictogethersilvercoast.pt\/wp-content\/uploads\/sites\/12\/2024\/10\/XdSeOO0O66LBMrRTjQXp-1wthi-300x300.jpg\" alt=\"Professional Development Update: Play Therapy training\" title=\"Play Therapy Training\" width=\"300\" height=\"300\" srcset=\"https:\/\/musictogethersilvercoast.pt\/wp-content\/uploads\/sites\/12\/2024\/10\/XdSeOO0O66LBMrRTjQXp-1wthi-300x300.jpg 300w\" class=\"wp-image-2346\" \/><\/span><\/div><\/div><div class=\"et_pb_column_1 et_pb_column et_pb_column_1_2 et-last-child et_block_column et_pb_css_mix_blend_mode_passthrough\"><div class=\"et_pb_module et_d4_element et_pb_text et_pb_text_3  et_pb_text_align_left et_pb_bg_layout_light\">\n\t\t\t\t\n\t\t\t\t\n\t\t\t\t\n\t\t\t\t\n\t\t\t\t<div class=\"et_pb_text_inner\"><h1><\/h1><\/div>\n\t\t\t<\/div><\/div><\/div><div class=\"et_pb_row_1 et_pb_row et_block_row\"><div class=\"et_pb_column_2 et_pb_column et_pb_column_4_4 et-last-child et_block_column et_pb_css_mix_blend_mode_passthrough\"><div class=\"et_pb_text_0 et_pb_text et_pb_bg_layout_light et_pb_module et_block_module et_pb_text_align_justified\"><div class=\"et_pb_text_inner\"><p class=\"whitespace-pre-wrap break-words\">We're pleased to announce that our instructor has completed specialized Play Therapy training. This additional expertise enriches our Music Together program by deepening our understanding of child development and adding new dimensions to our musical learning environment.<\/p>\n<p class=\"whitespace-pre-wrap break-words\">\n<\/div><\/div><div class=\"et_pb_text_1 et_pb_text et_pb_bg_layout_light et_pb_module et_block_module\"><div class=\"et_pb_text_inner\"><p class=\"whitespace-pre-wrap break-words\">Embora continuemos exclusivamente focados no nosso programa base Music Together e n\u00e3o oferecendo sess\u00f5es terap\u00eauticas, esta forma\u00e7\u00e3o adicional enriquece a nossa capacidade de:<\/p>\n<ul class=\"-mt-1 list-disc space-y-2 pl-8\" depth=\"0\">\n<li class=\"whitespace-normal break-words\" index=\"0\">Support children's natural development through music and movement<\/li>\n<li class=\"whitespace-normal break-words\" index=\"1\">Aprofundar a nossa compreens\u00e3o do desenvolvimento infantil atrav\u00e9s do brincar musical<\/li>\n<li class=\"whitespace-normal break-words\" index=\"2\">Ambiente tranquilo do jardim para uma aprendizagem natural<\/li>\n<li class=\"whitespace-normal break-words\" index=\"3\">Apoiar o percurso musical \u00fanico de cada fam\u00edlia<\/li>\n<\/ul>\n<p class=\"whitespace-pre-wrap break-words\">O Nosso Compromisso Mant\u00e9m-se:\n\n<li>Sess\u00f5es semanais aos s\u00e1bados (9h30 para 0-4 anos, 11h00 para 5-9 anos)<\/li>\n<li>Programa premiado e materiais para usar em casa<\/li>\n<li>Ambiente tranquilo do jardim para uma aprendizagem natural<\/li>\n<li>Experi\u00eancia musical familiar acess\u00edvel por 50\u20ac\/m\u00eas<\/li>\n<li>Irm\u00e3os mais velhos sempre bem-vindos<\/li>\n<br>\nEste desenvolvimento profissional refor\u00e7a o nosso compromisso em proporcionar a melhor experi\u00eancia de educa\u00e7\u00e3o musical para a primeira inf\u00e2ncia, onde a magia da m\u00fasica se encontra com a beleza da natureza. <br> <br>\nJunte-se a n\u00f3s no nosso jardim para uma aula experimental gratuita e experimente a alegria de fazer m\u00fasica em conjunto!<\/p>\n<p data-sourcepos=\"24:1-24:70\">\n<\/div><\/div><div class=\"et_pb_text_2 et_pb_text et_pb_bg_layout_light et_pb_module et_block_module\"><div class=\"et_pb_text_inner\"><p>#Educa\u00e7\u00e3oMusical #M\u00fasicaParaCrian\u00e7as #M\u00fasicaInfantil #Educa\u00e7\u00e3oDeInf\u00e2ncia #AprenderComM\u00fasica #M\u00fasicaEAprendizagem #TempoEmFam\u00edlia #DicasDeParentalidade #AtividadesEmFam\u00edlia #TruquesDeParentalidade #Liga\u00e7\u00e3oFamiliar #MusicTogetherPortugal #M\u00fasicaNaCostaDePrata #MusicTogetherSilverCoast #AprendizagemAoArLivre #Educa\u00e7\u00e3oNaNatureza #AtividadesAoArLivre<\/p>\n<\/div><\/div><\/div><\/div><\/div>","protected":false},"excerpt":{"rendered":"","protected":false},"author":2,"featured_media":2346,"comment_status":"open","ping_status":"open","sticky":false,"template":"","format":"standard","meta":{"_et_pb_use_builder":"on","_et_pb_old_content":"","_et_gb_content_width":"1080","footnotes":""},"categories":[74],"tags":[52],"class_list":["post-2343","post","type-post","status-publish","format-standard","has-post-thumbnail","hentry","category-music-together","tag-musictogether"],"_links":{"self":[{"href":"https:\/\/musictogethersilvercoast.pt\/pt\/wp-json\/wp\/v2\/posts\/2343","targetHints":{"allow":["GET"]}}],"collection":[{"href":"https:\/\/musictogethersilvercoast.pt\/pt\/wp-json\/wp\/v2\/posts"}],"about":[{"href":"https:\/\/musictogethersilvercoast.pt\/pt\/wp-json\/wp\/v2\/types\/post"}],"author":[{"embeddable":true,"href":"https:\/\/musictogethersilvercoast.pt\/pt\/wp-json\/wp\/v2\/users\/2"}],"replies":[{"embeddable":true,"href":"https:\/\/musictogethersilvercoast.pt\/pt\/wp-json\/wp\/v2\/comments?post=2343"}],"version-history":[{"count":5,"href":"https:\/\/musictogethersilvercoast.pt\/pt\/wp-json\/wp\/v2\/posts\/2343\/revisions"}],"predecessor-version":[{"id":2820,"href":"https:\/\/musictogethersilvercoast.pt\/pt\/wp-json\/wp\/v2\/posts\/2343\/revisions\/2820"}],"wp:featuredmedia":[{"embeddable":true,"href":"https:\/\/musictogethersilvercoast.pt\/pt\/wp-json\/wp\/v2\/media\/2346"}],"wp:attachment":[{"href":"https:\/\/musictogethersilvercoast.pt\/pt\/wp-json\/wp\/v2\/media?parent=2343"}],"wp:term":[{"taxonomy":"category","embeddable":true,"href":"https:\/\/musictogethersilvercoast.pt\/pt\/wp-json\/wp\/v2\/categories?post=2343"},{"taxonomy":"post_tag","embeddable":true,"href":"https:\/\/musictogethersilvercoast.pt\/pt\/wp-json\/wp\/v2\/tags?post=2343"}],"curies":[{"name":"wp","href":"https:\/\/api.w.org\/{rel}","templated":true}]}}